{"id":3432,"date":"2025-05-11T20:26:49","date_gmt":"2025-05-11T19:26:49","guid":{"rendered":"https:\/\/aljeta.com\/?p=3432"},"modified":"2025-05-11T21:15:37","modified_gmt":"2025-05-11T20:15:37","slug":"albanese-pastice-pasta-uit-de-oven","status":"publish","type":"post","link":"https:\/\/aljeta.com\/nl\/albanese-pastice-pasta-uit-de-oven\/","title":{"rendered":"Albanese Pasti\u00e7e: Makkelijk pasta recept uit de oven"},"content":{"rendered":"<div data-elementor-type=\"wp-post\" data-elementor-id=\"3432\" class=\"elementor elementor-3432\" data-elementor-post-type=\"post\">\n\t\t\t\t<div class=\"elementor-element elementor-element-9b5489f e-flex e-con-boxed e-con e-parent\" data-id=\"9b5489f\" data-element_type=\"container\">\n\t\t\t\t\t<div class=\"e-con-inner\">\n\t\t<div class=\"elementor-element elementor-element-ad1f017 e-con-full e-flex e-con e-child\" data-id=\"ad1f017\" data-element_type=\"container\">\n\t\t<div class=\"elementor-element elementor-element-4a5c103 e-con-full e-flex e-con e-child\" data-id=\"4a5c103\" data-element_type=\"container\">\n\t\t\t\t<div class=\"elementor-element elementor-element-d60d926 elementor-widget elementor-widget-shortcode\" data-id=\"d60d926\" data-element_type=\"widget\" data-widget_type=\"shortcode.default\">\n\t\t\t\t<div class=\"elementor-widget-container\">\n\t\t\t\t\t\t\t<div class=\"elementor-shortcode\"><div class=\"trp_language_switcher_shortcode\">\n<div class=\"trp-language-switcher trp-language-switcher-container\" data-no-translation>\n    <div class=\"trp-ls-shortcode-current-language\">\n        <a href=\"#\" class=\"trp-ls-shortcode-disabled-language trp-ls-disabled-language\" title=\"Nederlands\" onclick=\"event.preventDefault()\">\n\t\t\t<img decoding=\"async\" class=\"trp-flag-image\" src=\"https:\/\/aljeta.com\/wp-content\/plugins\/translatepress-multilingual\/assets\/images\/flags\/nl_NL.png\" width=\"18\" height=\"12\" alt=\"nl_NL\" title=\"Nederlands\"> Nederlands\t\t<\/a>\n    <\/div>\n    <div class=\"trp-ls-shortcode-language\">\n                <a href=\"#\" class=\"trp-ls-shortcode-disabled-language trp-ls-disabled-language\"  title=\"Nederlands\" onclick=\"event.preventDefault()\">\n\t\t\t<img decoding=\"async\" class=\"trp-flag-image\" src=\"https:\/\/aljeta.com\/wp-content\/plugins\/translatepress-multilingual\/assets\/images\/flags\/nl_NL.png\" width=\"18\" height=\"12\" alt=\"nl_NL\" title=\"Nederlands\"> Nederlands\t\t<\/a>\n                    <a href=\"https:\/\/aljeta.com\/nl\/wp-json\/wp\/v2\/posts\/3432\" title=\"English\">\n            <img decoding=\"async\" class=\"trp-flag-image\" src=\"https:\/\/aljeta.com\/wp-content\/plugins\/translatepress-multilingual\/assets\/images\/flags\/en_US.png\" width=\"18\" height=\"12\" alt=\"en_US\" title=\"English\"> English        <\/a>\n\n        <\/div>\n    <script type=\"application\/javascript\">\n        \/\/ need to have the same with set from JS on both divs. Otherwise it can push stuff around in HTML\n        var trp_ls_shortcodes = document.querySelectorAll('.trp_language_switcher_shortcode .trp-language-switcher');\n        if ( trp_ls_shortcodes.length > 0) {\n            \/\/ get the last language switcher added\n            var trp_el = trp_ls_shortcodes[trp_ls_shortcodes.length - 1];\n\n            var trp_shortcode_language_item = trp_el.querySelector( '.trp-ls-shortcode-language' )\n            \/\/ set width\n            var trp_ls_shortcode_width                                               = trp_shortcode_language_item.offsetWidth + 16;\n            trp_shortcode_language_item.style.width                                  = trp_ls_shortcode_width + 'px';\n            trp_el.querySelector( '.trp-ls-shortcode-current-language' ).style.width = trp_ls_shortcode_width + 'px';\n\n            \/\/ We're putting this on display: none after we have its width.\n            trp_shortcode_language_item.style.display = 'none';\n        }\n    <\/script>\n<\/div>\n<\/div><\/div>\n\t\t\t\t\t\t<\/div>\n\t\t\t\t<\/div>\n\t\t\t\t<\/div>\n\t\t<div class=\"elementor-element elementor-element-dcf02a8 e-con-full e-flex e-con e-child\" data-id=\"dcf02a8\" data-element_type=\"container\">\n\t\t\t\t<div class=\"elementor-element elementor-element-1b4c042 elementor-widget elementor-widget-text-editor\" data-id=\"1b4c042\" data-element_type=\"widget\" data-widget_type=\"text-editor.default\">\n\t\t\t\t<div class=\"elementor-widget-container\">\n\t\t\t\t\t\t\t\t\t<p> <br \/>Heb je trek in <strong>pasta uit de oven<\/strong> maar wil je eens iets anders dan lasagne of mac &amp; cheese? Probeer dan <strong>Albanese pasti\u00e7e<\/strong> (spreek uit: pas\u2011t\u00ed\u2011tsje). Dit <strong>makkelijke pasta recept<\/strong> combineert al\u2011dente spaghetti, romige feta en een luchtige eivulling die in de oven verandert in een goudbruine, hartige taart.<br \/> <\/p>\t\t\t\t\t\t\t\t<\/div>\n\t\t\t\t<\/div>\n\t\t\t\t<\/div>\n\t\t<div class=\"elementor-element elementor-element-c1948c0 e-con-full e-flex e-con e-child\" data-id=\"c1948c0\" data-element_type=\"container\">\n\t\t\t\t<div class=\"elementor-element elementor-element-b8cf90c elementor-widget elementor-widget-image\" data-id=\"b8cf90c\" data-element_type=\"widget\" data-widget_type=\"image.default\">\n\t\t\t\t<div class=\"elementor-widget-container\">\n\t\t\t\t\t\t\t\t\t\t\t\t\t\t\t<img fetchpriority=\"high\" decoding=\"async\" width=\"800\" height=\"451\" src=\"https:\/\/aljeta.com\/wp-content\/uploads\/2025\/05\/Albanese-Pastice-pasta-uit-de-oven-1024x577.jpg\" class=\"attachment-large size-large wp-image-3443\" alt=\"Albanese pasti\u00e7e in een ronde roestvrijstalen bakvorm: goudbruine korst, opengesneden wedge toont holle bucatini met feta-ei.\" srcset=\"https:\/\/aljeta.com\/wp-content\/uploads\/2025\/05\/Albanese-Pastice-pasta-uit-de-oven-1024x577.jpg 1024w, https:\/\/aljeta.com\/wp-content\/uploads\/2025\/05\/Albanese-Pastice-pasta-uit-de-oven-300x169.jpg 300w, https:\/\/aljeta.com\/wp-content\/uploads\/2025\/05\/Albanese-Pastice-pasta-uit-de-oven-768x433.jpg 768w, https:\/\/aljeta.com\/wp-content\/uploads\/2025\/05\/Albanese-Pastice-pasta-uit-de-oven-18x10.jpg 18w, https:\/\/aljeta.com\/wp-content\/uploads\/2025\/05\/Albanese-Pastice-pasta-uit-de-oven-600x338.jpg 600w, https:\/\/aljeta.com\/wp-content\/uploads\/2025\/05\/Albanese-Pastice-pasta-uit-de-oven.jpg 1200w\" sizes=\"(max-width: 800px) 100vw, 800px\" \/>\t\t\t\t\t\t\t\t\t\t\t\t\t\t\t<\/div>\n\t\t\t\t<\/div>\n\t\t\t\t<\/div>\n\t\t<div class=\"elementor-element elementor-element-4ba5346 e-con-full e-flex e-con e-child\" data-id=\"4ba5346\" data-element_type=\"container\">\n\t\t\t\t<div class=\"elementor-element elementor-element-302b9b8 elementor-widget elementor-widget-heading\" data-id=\"302b9b8\" data-element_type=\"widget\" data-widget_type=\"heading.default\">\n\t\t\t\t<div class=\"elementor-widget-container\">\n\t\t\t\t\t<h4 class=\"elementor-heading-title elementor-size-default\">Wat is pasti\u00e7e?<\/h4>\t\t\t\t<\/div>\n\t\t\t\t<\/div>\n\t\t\t\t<div class=\"elementor-element elementor-element-872979f elementor-widget elementor-widget-text-editor\" data-id=\"872979f\" data-element_type=\"widget\" data-widget_type=\"text-editor.default\">\n\t\t\t\t<div class=\"elementor-widget-container\">\n\t\t\t\t\t\t\t\t\t<p> <br \/>Pasti\u00e7e is een traditionele Albanese <strong>pasta uit de oven<\/strong> die ontstond in periodes van schaarste, wanneer gezinnen met de laatste ingredi\u00ebnten uit hun voorraadkast toch een voedzame maaltijd wilden maken. Handelsroutes met Itali\u00eb en Griekenland brachten pasta en feta naar Albani\u00eb, waardoor deze smaken een vaste waarde werden in het gerecht.<\/p><p>Het recept is eenvoudig maar doordacht: al\u2011dente spaghetti (bij voorkeur holle bucatini) wordt gemengd met eieren, melk en royale blokjes feta. Daarna gaat het geheel de oven in tot de bovenkant goudbruin is. De stevige ovenschotel wordt in taartvormige punten gesneden en warm of op kamertemperatuur geserveerd. Het resultaat doet denken aan de Griekse <em>past\u00edtsio<\/em>, maar behoudt een uitgesproken Albanees karakter. <br \/> <\/p>\t\t\t\t\t\t\t\t<\/div>\n\t\t\t\t<\/div>\n\t\t\t\t<\/div>\n\t\t<div class=\"elementor-element elementor-element-84944c6 e-con-full e-flex e-con e-child\" data-id=\"84944c6\" data-element_type=\"container\">\n\t\t\t\t<div class=\"elementor-element elementor-element-fa00fbf elementor-widget elementor-widget-heading\" data-id=\"fa00fbf\" data-element_type=\"widget\" data-widget_type=\"heading.default\">\n\t\t\t\t<div class=\"elementor-widget-container\">\n\t\t\t\t\t<h4 class=\"elementor-heading-title elementor-size-default\">Waarom bucatini? (Holle Spaghetti)<\/h4>\t\t\t\t<\/div>\n\t\t\t\t<\/div>\n\t\t\t\t<div class=\"elementor-element elementor-element-b6c5159 elementor-widget elementor-widget-text-editor\" data-id=\"b6c5159\" data-element_type=\"widget\" data-widget_type=\"text-editor.default\">\n\t\t\t\t<div class=\"elementor-widget-container\">\n\t\t\t\t\t\t\t\t\t<p> <br \/>In Albani\u00eb gebruikt men vaak een dikke, holle spaghetti: <a href=\"https:\/\/en.wikipedia.org\/wiki\/Bucatini\" target=\"_blank\" rel=\"noopener\"><strong>bucatini<\/strong><\/a>, ook wel <strong>perciatelli<\/strong> genoemd. Dankzij de holle kern zuigt deze pasta de saus op, zodat elke hap perfect op smaak is. Kun je geen bucatini vinden, kies dan voor gewone spaghetti of penne. <br \/> <\/p>\t\t\t\t\t\t\t\t<\/div>\n\t\t\t\t<\/div>\n\t\t\t\t<\/div>\n\t\t<div class=\"elementor-element elementor-element-e37c335 e-con-full e-flex e-con e-child\" data-id=\"e37c335\" data-element_type=\"container\">\n\t\t\t\t<div class=\"elementor-element elementor-element-0557e6a aj-recipe-card elementor-widget elementor-widget-pp-recipe\" data-id=\"0557e6a\" data-element_type=\"widget\" data-widget_type=\"pp-recipe.default\">\n\t\t\t\t<div class=\"elementor-widget-container\">\n\t\t\t\t\t\t\t<div class=\"pp-recipe-container\" itemscope=\"\" itemtype=\"https:\/\/schema.org\/Recipe\" >\n\t\t\t<div class=\"pp-recipe-header\">\n\t\t\t\t\t\t\t\t\t<div class=\"pp-recipe-header-image\" itemprop=\"image\" itemscope=\"\" itemtype=\"https:\/\/schema.org\/ImageObject\" >\n\t\t\t\t\t\t\t\t\t\t\t\t\t\t\t\t\t\t\t\t\t<meta itemprop=\"url\" content=\"http:\/\/aljeta.com\/wp-content\/uploads\/2025\/05\/Albanese-Pastice-pasta-recept.jpg\">\n\t\t\t\t\t\t\t\t\t\t\t\t\t<img decoding=\"async\" src=\"https:\/\/aljeta.com\/wp-content\/uploads\/2025\/05\/Albanese-Pastice-pasta-recept.jpg\" itemprop=\"image\" alt=\"Albanese-Pastice-pasta-recept\" title=\"Albanese-Pastice-pasta-recept\">\t\t\t\t\t\t<meta itemprop=\"height\" content=\"\">\n\t\t\t\t\t\t<meta itemprop=\"width\" content=\"\">\n\t\t\t\t\t<\/div>\n\t\t\t\t\t\t\t\t<div class=\"pp-recipe-header-content\">\n\t\t\t\t\t\t\t\t\t\t\t\t\t\t\t\t\t<h2 class=\"pp-recipe-title\" itemprop=\"name\">\n\t\t\t\t\t\t\tAlbanese Pasti\u00e7e, Makkelijk pasta Recept\t\t\t\t\t\t<\/h2>\n\t\t\t\t\t\t\t\t\t\t<div class=\"pp-recipe-meta\">\n\t\t\t\t\t\t\t\t\t\t\t\t\t\t\t\t\t\t\t\t\t\t\t\t\t\t\t\t\t<\/div>\n\t\t\t\t\t\t\t\t\t\t\t<div class=\"pp-recipe-description\" itemprop=\"description\">\n\t\t\t\t\t\t\t<p><br \/>Romige, goudbruine ovenschotel met bucatini, feta en eieren: een hartige Albanese klassieker die je in \u00e9\u00e9n schaal de oven in schuift en de volgende dag net zo lekker opnieuw opwarmt.<\/p><p><strong>Keuken:<\/strong> Albanees<br \/><strong>Gang:<\/strong> Hoofdgerecht<br \/><strong>Trefwoorden:<\/strong> pasta uit de oven, Albanese pasti\u00e7e, bucatini, feta, makkelijk<br \/> <\/p>\t\t\t\t\t\t<\/div>\n\t\t\t\t\t\t\t\t\t<\/div>\n\t\t\t<\/div>\n\t\t\t<div class=\"pp-recipe-details pp-recipe-section\">\n\t\t\t\t<ul class=\"pp-recipe-detail-list\">\n\t\t\t\t\t\t\t\t\t\t<li itemprop=\"prepTime\" content=\"PT15M\">\n\t\t\t\t\t\t\t\t\t<span class=\"pp-recipe-detail-icon pp-icon\">\n\t\t\t\t<i aria-hidden=\"true\" class=\"fas fa-leaf\"><\/i>\t\t\t<\/span>\n\t\t\t\t\t\t\t\t\t<span class=\"pp-recipe-detail-content\">\n\t\t\t\t\t\t\t<span class=\"pp-recipe-detail-title\">\n\t\t\t\t\t\t\t\tVoorbereidingstijd\t\t\t\t\t\t\t<\/span>\n\t\t\t\t\t\t\t<span class=\"pp-recipe-detail-value\">\n\t\t\t\t\t\t\t\t15 Minuten\t\t\t\t\t\t\t<\/span>\n\t\t\t\t\t\t<\/span>\n\t\t\t\t\t<\/li>\n\t\t\t\t\t\t\t\t\t\t\t\t\t\t\t<li itemprop=\"cookTime\" content=\"PT35M\">\n\t\t\t\t\t\t\t\t\t<span class=\"pp-recipe-detail-icon pp-icon\">\n\t\t\t\t<i aria-hidden=\"true\" class=\"far fa-clock\"><\/i>\t\t\t<\/span>\n\t\t\t\t\t\t\t\t\t<span class=\"pp-recipe-detail-content\">\n\t\t\t\t\t\t\t<span class=\"pp-recipe-detail-title\">\n\t\t\t\t\t\t\t\tKooktijd\t\t\t\t\t\t\t<\/span>\n\t\t\t\t\t\t\t<span class=\"pp-recipe-detail-value\">\n\t\t\t\t\t\t\t\t5 Minuten\t\t\t\t\t\t\t<\/span>\n\t\t\t\t\t\t<\/span>\n\t\t\t\t\t<\/li>\n\t\t\t\t\t\t\t\t\t\t\t\t\t\t\t<li itemprop=\"totalTime\" content=\"PT60M\">\n\t\t\t\t\t\t\t\t\t<span class=\"pp-recipe-detail-icon pp-icon\">\n\t\t\t\t<i aria-hidden=\"true\" class=\"far fa-clock\"><\/i>\t\t\t<\/span>\n\t\t\t\t\t\t\t\t\t<span class=\"pp-recipe-detail-content\">\n\t\t\t\t\t\t\t<span class=\"pp-recipe-detail-title\">\n\t\t\t\t\t\t\t\tTotale tijd\t\t\t\t\t\t\t<\/span>\n\t\t\t\t\t\t\t<span class=\"pp-recipe-detail-value\">\n\t\t\t\t\t\t\t\t60 min\t\t\t\t\t\t\t<\/span>\n\t\t\t\t\t\t<\/span>\n\t\t\t\t\t<\/li>\n\t\t\t\t\t\t\t\t\t\t\t\t\t\t\t<li itemprop=\"recipeYield\" content=\"6-8\">\n\t\t\t\t\t\t\t\t\t<span class=\"pp-recipe-detail-icon pp-icon\">\n\t\t\t\t<i aria-hidden=\"true\" class=\"fas fa-clock\"><\/i>\t\t\t<\/span>\n\t\t\t\t\t\t\t\t\t<span class=\"pp-recipe-detail-content\">\n\t\t\t\t\t\t\t<span class=\"pp-recipe-detail-title\">\n\t\t\t\t\t\t\t\tPorties\t\t\t\t\t\t\t<\/span>\n\t\t\t\t\t\t\t<span class=\"pp-recipe-detail-value\">\n\t\t\t\t\t\t\t\t6-8 Servings\t\t\t\t\t\t\t<\/span>\n\t\t\t\t\t\t<\/span>\n\t\t\t\t\t<\/li>\n\t\t\t\t\t\t\t\t\t\t\t\t\t\t<\/ul>\n\t\t\t<\/div>\n\t\t\t<div class=\"pp-recipe-ingredients pp-recipe-section\">\n\t\t\t\t<h3 class=\"pp-recipe-section-heading pp-recipe-ingredients-heading\">\n\t\t\t\t\tIngredi\u00ebnten\t\t\t\t<\/h3>\n\t\t\t\t<ul class=\"pp-recipe-ingredients-list\">\n\t\t\t\t\t\t\t\t\t\t\t\t\t<li class=\"pp-recipe-ingredient\">\n\t\t\t\t\t\t\t\t\t\t\t\t\t\t\t\t\t\t\t<span class=\"pp-icon\">\n\t\t\t\t\t\t\t\t\t\t<i aria-hidden=\"true\" class=\"far fa-square\"><\/i>\t\t\t\t\t\t\t\t\t\t<\/span>\n\t\t\t\t\t\t\t\t\t\t\t\t\t\t\t\t\t\t<span itemprop=\"recipeIngredient\" class=\"pp-recipe-ingredient-text\">\n\t\t\t\t\t\t\t\t\t\t6 eieren\t\t\t\t\t\t\t\t\t<\/span>\n\t\t\t\t\t\t\t\t<\/li>\n\t\t\t\t\t\t\t\t\t\t\t\t\t\t\t\t<li class=\"pp-recipe-ingredient\">\n\t\t\t\t\t\t\t\t\t\t\t\t\t\t\t\t\t\t\t<span class=\"pp-icon\">\n\t\t\t\t\t\t\t\t\t\t<i aria-hidden=\"true\" class=\"far fa-square\"><\/i>\t\t\t\t\t\t\t\t\t\t<\/span>\n\t\t\t\t\t\t\t\t\t\t\t\t\t\t\t\t\t\t<span itemprop=\"recipeIngredient\" class=\"pp-recipe-ingredient-text\">\n\t\t\t\t\t\t\t\t\t\t500\u202fg spaghetti (Bucatini) of een andere pastasoort\t\t\t\t\t\t\t\t\t<\/span>\n\t\t\t\t\t\t\t\t<\/li>\n\t\t\t\t\t\t\t\t\t\t\t\t\t\t\t\t<li class=\"pp-recipe-ingredient\">\n\t\t\t\t\t\t\t\t\t\t\t\t\t\t\t\t\t\t\t<span class=\"pp-icon\">\n\t\t\t\t\t\t\t\t\t\t<i aria-hidden=\"true\" class=\"far fa-square\"><\/i>\t\t\t\t\t\t\t\t\t\t<\/span>\n\t\t\t\t\t\t\t\t\t\t\t\t\t\t\t\t\t\t<span itemprop=\"recipeIngredient\" class=\"pp-recipe-ingredient-text\">\n\t\t\t\t\t\t\t\t\t\t2 kopjes (ca. 500\u202fml) melk\t\t\t\t\t\t\t\t\t<\/span>\n\t\t\t\t\t\t\t\t<\/li>\n\t\t\t\t\t\t\t\t\t\t\t\t\t\t\t\t<li class=\"pp-recipe-ingredient\">\n\t\t\t\t\t\t\t\t\t\t\t\t\t\t\t\t\t\t\t<span class=\"pp-icon\">\n\t\t\t\t\t\t\t\t\t\t<i aria-hidden=\"true\" class=\"far fa-square\"><\/i>\t\t\t\t\t\t\t\t\t\t<\/span>\n\t\t\t\t\t\t\t\t\t\t\t\t\t\t\t\t\t\t<span itemprop=\"recipeIngredient\" class=\"pp-recipe-ingredient-text\">\n\t\t\t\t\t\t\t\t\t\t2\u202fel Aljeta Extra Vierge Olijfolie\t\t\t\t\t\t\t\t\t<\/span>\n\t\t\t\t\t\t\t\t<\/li>\n\t\t\t\t\t\t\t\t\t\t\t\t\t\t\t\t<li class=\"pp-recipe-ingredient\">\n\t\t\t\t\t\t\t\t\t\t\t\t\t\t\t\t\t\t\t<span class=\"pp-icon\">\n\t\t\t\t\t\t\t\t\t\t<i aria-hidden=\"true\" class=\"far fa-square\"><\/i>\t\t\t\t\t\t\t\t\t\t<\/span>\n\t\t\t\t\t\t\t\t\t\t\t\t\t\t\t\t\t\t<span itemprop=\"recipeIngredient\" class=\"pp-recipe-ingredient-text\">\n\t\t\t\t\t\t\t\t\t\t2\u202ftbsp Aljeta Extra Virgin Olive oil\t\t\t\t\t\t\t\t\t<\/span>\n\t\t\t\t\t\t\t\t<\/li>\n\t\t\t\t\t\t\t\t\t\t\t\t\t\t\t\t<li class=\"pp-recipe-ingredient\">\n\t\t\t\t\t\t\t\t\t\t\t\t\t\t\t\t\t\t\t<span class=\"pp-icon\">\n\t\t\t\t\t\t\t\t\t\t<i aria-hidden=\"true\" class=\"far fa-square\"><\/i>\t\t\t\t\t\t\t\t\t\t<\/span>\n\t\t\t\t\t\t\t\t\t\t\t\t\t\t\t\t\t\t<span itemprop=\"recipeIngredient\" class=\"pp-recipe-ingredient-text\">\n\t\t\t\t\t\t\t\t\t\tZeezout en versgemalen zwarte peper naar smaak\t\t\t\t\t\t\t\t\t<\/span>\n\t\t\t\t\t\t\t\t<\/li>\n\t\t\t\t\t\t\t\t\t\t\t\t<\/ul>\n\t\t\t<\/div>\n\t\t\t<div class=\"pp-recipe-instructions pp-recipe-section\">\n\t\t\t\t<h3 class=\"pp-recipe-section-heading pp-recipe-instructions-heading\">\n\t\t\t\t\tBereiding:\t\t\t\t<\/h3>\n\t\t\t\t<ol class=\"pp-recipe-instructions-list\">\n\t\t\t\t\t\t\t\t\t\t\t\t\t<li itemprop=\"recipeInstructions\" class=\"pp-recipe-instruction\">\n\t\t\t\t\t\t\t\t\tVerwarm de oven voor op 175\u202f\u00b0C.\t\t\t\t\t\t\t\t<\/li>\n\t\t\t\t\t\t\t\t\t\t\t\t\t\t\t\t<li itemprop=\"recipeInstructions\" class=\"pp-recipe-instruction\">\n\t\t\t\t\t\t\t\t\tKook de pasta al dente (hij gaart verder in de oven, dus voorkom een papperig resultaat).\t\t\t\t\t\t\t\t<\/li>\n\t\t\t\t\t\t\t\t\t\t\t\t\t\t\t\t<li itemprop=\"recipeInstructions\" class=\"pp-recipe-instruction\">\n\t\t\t\t\t\t\t\t\tKlop ondertussen in een ruime ovenschaal de eieren los met melk, olijfolie, zout en peper.\t\t\t\t\t\t\t\t<\/li>\n\t\t\t\t\t\t\t\t\t\t\t\t\t\t\t\t<li itemprop=\"recipeInstructions\" class=\"pp-recipe-instruction\">\n\t\t\t\t\t\t\t\t\tVoeg de feta toe en meng kort \u2013 de brokjes mogen zichtbaar blijven.\t\t\t\t\t\t\t\t<\/li>\n\t\t\t\t\t\t\t\t\t\t\t\t\t\t\t\t<li itemprop=\"recipeInstructions\" class=\"pp-recipe-instruction\">\n\t\t\t\t\t\t\t\t\tSchep de uitgelekte pasta door het eimengsel tot alles gelijkmatig bedekt is.\t\t\t\t\t\t\t\t<\/li>\n\t\t\t\t\t\t\t\t\t\t\t\t\t\t\t\t<li itemprop=\"recipeInstructions\" class=\"pp-recipe-instruction\">\n\t\t\t\t\t\t\t\t\tVerdeel extra verkruimelde feta of een handje geraspte kaas (bijv. Parmezaanse) over de bovenkant voor een goudbruine korst.\t\t\t\t\t\t\t\t<\/li>\n\t\t\t\t\t\t\t\t\t\t\t\t\t\t\t\t<li itemprop=\"recipeInstructions\" class=\"pp-recipe-instruction\">\n\t\t\t\t\t\t\t\t\tBak de pasti\u00e7e 45\u202fminuten of tot de bovenkant goudbruin is.\t\t\t\t\t\t\t\t<\/li>\n\t\t\t\t\t\t\t\t\t\t\t\t\t\t\t\t<li itemprop=\"recipeInstructions\" class=\"pp-recipe-instruction\">\n\t\t\t\t\t\t\t\t\tLaat vijf minuten rusten, snijd in puntjes en serveer warm of op kamertemperatuur.\t\t\t\t\t\t\t\t<\/li>\n\t\t\t\t\t\t\t\t\t\t\t\t<\/ol>\n\t\t\t<\/div>\n\t\t\t\t\t<\/div>\n\t\t\t\t\t\t<\/div>\n\t\t\t\t<\/div>\n\t\t\t\t<\/div>\n\t\t<div class=\"elementor-element elementor-element-40e2f14 e-con-full e-flex e-con e-child\" data-id=\"40e2f14\" data-element_type=\"container\">\n\t\t\t\t<div class=\"elementor-element elementor-element-89471f9 elementor-widget elementor-widget-heading\" data-id=\"89471f9\" data-element_type=\"widget\" data-widget_type=\"heading.default\">\n\t\t\t\t<div class=\"elementor-widget-container\">\n\t\t\t\t\t<h4 class=\"elementor-heading-title elementor-size-default\">Varianten in andere landen<\/h4>\t\t\t\t<\/div>\n\t\t\t\t<\/div>\n\t\t\t\t<div class=\"elementor-element elementor-element-32569df elementor-widget elementor-widget-text-editor\" data-id=\"32569df\" data-element_type=\"widget\" data-widget_type=\"text-editor.default\">\n\t\t\t\t<div class=\"elementor-widget-container\">\n\t\t\t\t\t\t\t\t\t<p><\/p><ul><li><strong>Griekenland<\/strong>: <em>Past\u00edtsio<\/em> bevat vaak kaneel en een laag bechamelsaus, vergelijkbaar met moussaka.<\/li><li><strong>Itali\u00eb<\/strong>: Onder de naam <em>pasticcio<\/em> wordt het soms met rag\u00f9 en mozzarella geserveerd, als een lasagne zonder bladen.<\/li><li><strong>Verenigde Staten<\/strong>: De ovenschotel doet Amerikanen denken aan een luxe mac &amp; cheese.<\/li><\/ul><p> <\/p>\t\t\t\t\t\t\t\t<\/div>\n\t\t\t\t<\/div>\n\t\t\t\t<\/div>\n\t\t\t\t<div class=\"elementor-element elementor-element-4ff87bf elementor-widget elementor-widget-text-editor\" data-id=\"4ff87bf\" data-element_type=\"widget\" data-widget_type=\"text-editor.default\">\n\t\t\t\t<div class=\"elementor-widget-container\">\n\t\t\t\t\t\t\t\t\t<p><em> <\/em><br \/><em>Albanese Pasti\u00e7e staat weliswaar 45\u202fminuten in de oven, maar is snel samengesteld met weinig ingredi\u00ebnten en laat zich perfect opwarmen \u2013 ideaal voor drukke doordeweekse dagen.<br \/>\u00a0 <\/em><\/p>\t\t\t\t\t\t\t\t<\/div>\n\t\t\t\t<\/div>\n\t\t<div class=\"elementor-element elementor-element-68500ba e-con-full e-flex e-con e-child\" data-id=\"68500ba\" data-element_type=\"container\">\n\t\t\t\t<div class=\"elementor-element elementor-element-8e036ba elementor-widget elementor-widget-heading\" data-id=\"8e036ba\" data-element_type=\"widget\" data-widget_type=\"heading.default\">\n\t\t\t\t<div class=\"elementor-widget-container\">\n\t\t\t\t\t<h4 class=\"elementor-heading-title elementor-size-default\">Gebruikte producten in dit recept.<\/h4>\t\t\t\t<\/div>\n\t\t\t\t<\/div>\n\t\t\t\t<div class=\"elementor-element elementor-element-18d73bf elementor-product-loop-item--align-center elementor-grid-4 elementor-grid-tablet-3 elementor-grid-mobile-2 elementor-products-grid elementor-wc-products elementor-widget elementor-widget-woocommerce-products\" data-id=\"18d73bf\" data-element_type=\"widget\" data-widget_type=\"woocommerce-products.default\">\n\t\t\t\t<div class=\"elementor-widget-container\">\n\t\t\t\t\t<div class=\"woocommerce columns-4\"><ul class=\"products elementor-grid columns-4\">\n<li class=\"product type-product post-3040 status-publish first instock product_cat-accessoires product_cat-sea-salt product_tag-zeezoutmolen has-post-thumbnail taxable shipping-taxable purchasable product-type-simple\">\n\t<a href=\"https:\/\/aljeta.com\/nl\/product\/zeezoutmolen-stijlvol-navulbaar\/\" class=\"woocommerce-LoopProduct-link woocommerce-loop-product__link\"><img loading=\"lazy\" decoding=\"async\" width=\"300\" height=\"300\" src=\"https:\/\/aljeta.com\/wp-content\/uploads\/2024\/11\/Aljeta-Zeezoutmolen-300x300.jpg\" class=\"attachment-woocommerce_thumbnail size-woocommerce_thumbnail\" alt=\"Aljeta peper en zoutmolen\" srcset=\"https:\/\/aljeta.com\/wp-content\/uploads\/2024\/11\/Aljeta-Zeezoutmolen-300x300.jpg 300w, https:\/\/aljeta.com\/wp-content\/uploads\/2024\/11\/Aljeta-Zeezoutmolen-150x150.jpg 150w, https:\/\/aljeta.com\/wp-content\/uploads\/2024\/11\/Aljeta-Zeezoutmolen-768x768.jpg 768w, https:\/\/aljeta.com\/wp-content\/uploads\/2024\/11\/Aljeta-Zeezoutmolen-12x12.jpg 12w, https:\/\/aljeta.com\/wp-content\/uploads\/2024\/11\/Aljeta-Zeezoutmolen-600x600.jpg 600w, https:\/\/aljeta.com\/wp-content\/uploads\/2024\/11\/Aljeta-Zeezoutmolen-100x100.jpg 100w, https:\/\/aljeta.com\/wp-content\/uploads\/2024\/11\/Aljeta-Zeezoutmolen.jpg 1000w\" sizes=\"(max-width: 300px) 100vw, 300px\" \/><h2 class=\"woocommerce-loop-product__title\">Aljeta Zeezoutmolen \u2013 Stijlvol, Navulbaar<\/h2>\n\t<span class=\"price\"><span class=\"woocommerce-Price-amount amount\"><bdi><span class=\"woocommerce-Price-currencySymbol\">&euro;<\/span>&nbsp;9,95<\/bdi><\/span><\/span>\n<\/a><a href=\"\/nl\/wp-json\/wp\/v2\/posts\/3432?add-to-cart=3040\" aria-describedby=\"woocommerce_loop_add_to_cart_link_describedby_3040\" data-quantity=\"1\" class=\"button product_type_simple add_to_cart_button ajax_add_to_cart\" data-product_id=\"3040\" data-product_sku=\"\" aria-label=\"Toevoegen aan winkelwagen: \u201cAljeta Sea Salt Grinder \u2013 Stylish, Refillable\u201c\" rel=\"nofollow\" data-success_message=\"&#039;Aljeta Sea Salt Grinder \u2013 Stylish, Refillable&#039; is toegevoegd aan je winkelmand\" data-no-translation=\"\" data-trp-gettext=\"\" data-no-translation-aria-label=\"\" data-no-translation-data-success_message=\"\">Toevoegen aan winkelwagen<\/a>\t<span id=\"woocommerce_loop_add_to_cart_link_describedby_3040\" class=\"screen-reader-text\">\n\t\t\t<\/span>\n<\/li>\n<li class=\"product type-product post-1228 status-publish instock product_cat-sea-salt has-post-thumbnail taxable shipping-taxable purchasable product-type-simple\">\n\t<a href=\"https:\/\/aljeta.com\/nl\/product\/aljeta-sea-salt\/\" class=\"woocommerce-LoopProduct-link woocommerce-loop-product__link\"><img loading=\"lazy\" decoding=\"async\" width=\"300\" height=\"300\" src=\"https:\/\/aljeta.com\/wp-content\/uploads\/2023\/10\/Seasalt-lightbox-300x300.jpg\" class=\"attachment-woocommerce_thumbnail size-woocommerce_thumbnail\" alt=\"Aljeta Sea Salt\" srcset=\"https:\/\/aljeta.com\/wp-content\/uploads\/2023\/10\/Seasalt-lightbox-300x300.jpg 300w, https:\/\/aljeta.com\/wp-content\/uploads\/2023\/10\/Seasalt-lightbox-1024x1024.jpg 1024w, https:\/\/aljeta.com\/wp-content\/uploads\/2023\/10\/Seasalt-lightbox-150x150.jpg 150w, https:\/\/aljeta.com\/wp-content\/uploads\/2023\/10\/Seasalt-lightbox-768x768.jpg 768w, https:\/\/aljeta.com\/wp-content\/uploads\/2023\/10\/Seasalt-lightbox-1536x1536.jpg 1536w, https:\/\/aljeta.com\/wp-content\/uploads\/2023\/10\/Seasalt-lightbox-2048x2048.jpg 2048w, https:\/\/aljeta.com\/wp-content\/uploads\/2023\/10\/Seasalt-lightbox-12x12.jpg 12w, https:\/\/aljeta.com\/wp-content\/uploads\/2023\/10\/Seasalt-lightbox-1320x1320.jpg 1320w, https:\/\/aljeta.com\/wp-content\/uploads\/2023\/10\/Seasalt-lightbox-600x600.jpg 600w, https:\/\/aljeta.com\/wp-content\/uploads\/2023\/10\/Seasalt-lightbox-100x100.jpg 100w\" sizes=\"(max-width: 300px) 100vw, 300px\" \/><h2 class=\"woocommerce-loop-product__title\">Aljeta Zeezout<\/h2><div class=\"star-rating\" role=\"img\" aria-label=\"Waardering 5.00 uit 5\" data-no-translation-aria-label=\"\"><span style=\"width:100%\" data-no-translation=\"\" data-trp-gettext=\"\">Waardering <strong class=\"rating\">5.00<\/strong> uit 5<\/span><\/div>\n\t<span class=\"price\"><span class=\"woocommerce-Price-amount amount\"><bdi><span class=\"woocommerce-Price-currencySymbol\">&euro;<\/span>&nbsp;6,95<\/bdi><\/span><\/span>\n<\/a><a href=\"\/nl\/wp-json\/wp\/v2\/posts\/3432?add-to-cart=1228\" aria-describedby=\"woocommerce_loop_add_to_cart_link_describedby_1228\" data-quantity=\"1\" class=\"button product_type_simple add_to_cart_button ajax_add_to_cart\" data-product_id=\"1228\" data-product_sku=\"8720892004826\" aria-label=\"Toevoegen aan winkelwagen: \u201cAljeta Sea Salt\u201c\" rel=\"nofollow\" data-success_message=\"&#039;Aljeta Sea Salt&#039; is toegevoegd aan je winkelmand\" data-no-translation=\"\" data-trp-gettext=\"\" data-no-translation-aria-label=\"\" data-no-translation-data-success_message=\"\">Toevoegen aan winkelwagen<\/a>\t<span id=\"woocommerce_loop_add_to_cart_link_describedby_1228\" class=\"screen-reader-text\">\n\t\t\t<\/span>\n<\/li>\n<li class=\"product type-product post-1203 status-publish instock product_cat-olive-oil has-post-thumbnail taxable shipping-taxable purchasable product-type-simple\">\n\t<a href=\"https:\/\/aljeta.com\/nl\/product\/aljeta-extra-vierge-olijfolie-combi-deal\/\" class=\"woocommerce-LoopProduct-link woocommerce-loop-product__link\"><img loading=\"lazy\" decoding=\"async\" width=\"300\" height=\"300\" src=\"https:\/\/aljeta.com\/wp-content\/uploads\/2023\/06\/IMG_2697-300x300.jpg\" class=\"attachment-woocommerce_thumbnail size-woocommerce_thumbnail\" alt=\"Aljeta Extra vierge olijfolie Combi Deal\" srcset=\"https:\/\/aljeta.com\/wp-content\/uploads\/2023\/06\/IMG_2697-300x300.jpg 300w, https:\/\/aljeta.com\/wp-content\/uploads\/2023\/06\/IMG_2697-150x150.jpg 150w, https:\/\/aljeta.com\/wp-content\/uploads\/2023\/06\/IMG_2697-100x100.jpg 100w\" sizes=\"(max-width: 300px) 100vw, 300px\" \/><h2 class=\"woocommerce-loop-product__title\">Aljeta Extra Vierge Olijfolie Combi Deal<\/h2>\n\t<span class=\"price\"><span class=\"woocommerce-Price-amount amount\"><bdi><span class=\"woocommerce-Price-currencySymbol\">&euro;<\/span>&nbsp;31,95<\/bdi><\/span><\/span>\n<\/a><a href=\"\/nl\/wp-json\/wp\/v2\/posts\/3432?add-to-cart=1203\" aria-describedby=\"woocommerce_loop_add_to_cart_link_describedby_1203\" data-quantity=\"1\" class=\"button product_type_simple add_to_cart_button ajax_add_to_cart\" data-product_id=\"1203\" data-product_sku=\"8720892004857\" aria-label=\"Toevoegen aan winkelwagen: \u201cAljeta Extra Virgin Olive Oil Combi Deal\u201c\" rel=\"nofollow\" data-success_message=\"&#039;Aljeta Extra Virgin Olive Oil Combi Deal&#039; is toegevoegd aan je winkelmand\" data-no-translation=\"\" data-trp-gettext=\"\" data-no-translation-aria-label=\"\" data-no-translation-data-success_message=\"\">Toevoegen aan winkelwagen<\/a>\t<span id=\"woocommerce_loop_add_to_cart_link_describedby_1203\" class=\"screen-reader-text\">\n\t\t\t<\/span>\n<\/li>\n<li class=\"product type-product post-89 status-publish last instock product_cat-olive-oil product_tag-beste-olijfolie product_tag-extra-vierge-olijfolie product_tag-goud-keurmerk product_tag-hoogste-kwaliteit-olijfolie has-post-thumbnail featured taxable shipping-taxable purchasable product-type-simple\">\n\t<a href=\"https:\/\/aljeta.com\/nl\/product\/aljeta-extra-virgin-olive-oil\/\" class=\"woocommerce-LoopProduct-link woocommerce-loop-product__link\"><img loading=\"lazy\" decoding=\"async\" width=\"300\" height=\"300\" src=\"https:\/\/aljeta.com\/wp-content\/uploads\/2024\/02\/500ml-Extra-vierge-olijfolie-300x300.jpg\" class=\"attachment-woocommerce_thumbnail size-woocommerce_thumbnail\" alt=\"Beste Olijfolie uit Albani\u00eb\" srcset=\"https:\/\/aljeta.com\/wp-content\/uploads\/2024\/02\/500ml-Extra-vierge-olijfolie-300x300.jpg 300w, https:\/\/aljeta.com\/wp-content\/uploads\/2024\/02\/500ml-Extra-vierge-olijfolie-150x150.jpg 150w, https:\/\/aljeta.com\/wp-content\/uploads\/2024\/02\/500ml-Extra-vierge-olijfolie-100x100.jpg 100w\" sizes=\"(max-width: 300px) 100vw, 300px\" \/><h2 class=\"woocommerce-loop-product__title\">Aljeta Extra Vierge Olijfolie<\/h2><div class=\"star-rating\" role=\"img\" aria-label=\"Waardering 5.00 uit 5\" data-no-translation-aria-label=\"\"><span style=\"width:100%\" data-no-translation=\"\" data-trp-gettext=\"\">Waardering <strong class=\"rating\">5.00<\/strong> uit 5<\/span><\/div>\n\t<span class=\"price\"><span class=\"woocommerce-Price-amount amount\"><bdi><span class=\"woocommerce-Price-currencySymbol\">&euro;<\/span>&nbsp;22,95<\/bdi><\/span><\/span>\n<\/a><a href=\"\/nl\/wp-json\/wp\/v2\/posts\/3432?add-to-cart=89\" aria-describedby=\"woocommerce_loop_add_to_cart_link_describedby_89\" data-quantity=\"1\" class=\"button product_type_simple add_to_cart_button ajax_add_to_cart\" data-product_id=\"89\" data-product_sku=\"8720892004833\" aria-label=\"Toevoegen aan winkelwagen: \u201cAljeta Extra Virgin Olive Oil\u201c\" rel=\"nofollow\" data-success_message=\"&#039;Aljeta Extra Virgin Olive Oil&#039; is toegevoegd aan je winkelmand\" data-no-translation=\"\" data-trp-gettext=\"\" data-no-translation-aria-label=\"\" data-no-translation-data-success_message=\"\">Toevoegen aan winkelwagen<\/a>\t<span id=\"woocommerce_loop_add_to_cart_link_describedby_89\" class=\"screen-reader-text\">\n\t\t\t<\/span>\n<\/li>\n<\/ul>\n<\/div>\t\t\t\t<\/div>\n\t\t\t\t<\/div>\n\t\t\t\t<\/div>\n\t\t\t\t<\/div>\n\t\t\t\t\t<\/div>\n\t\t\t\t<\/div>\n\t\t\t\t<\/div>","protected":false},"excerpt":{"rendered":"<p>Ontdek Albanese pasti\u00e7e: bucatini met feta en eieren, gebakken tot een goudbruine taart \u2013 eenvoudig, voedzaam en ideaal voor drukke dagen.<\/p>","protected":false},"author":2,"featured_media":3443,"comment_status":"open","ping_status":"open","sticky":false,"template":"","format":"standard","meta":{"_jetpack_memberships_contains_paid_content":false,"footnotes":""},"categories":[77],"tags":[123,126,124,57,58,63],"class_list":["post-3432","post","type-post","status-publish","format-standard","has-post-thumbnail","hentry","category-recepten","tag-albanees-eten","tag-albanese-keuken","tag-albanese-recepten","tag-albanie","tag-extraviergeolijfolie","tag-recept"],"jetpack_featured_media_url":"https:\/\/aljeta.com\/wp-content\/uploads\/2025\/05\/Albanese-Pastice-pasta-uit-de-oven.jpg","jetpack_sharing_enabled":true,"_links":{"self":[{"href":"https:\/\/aljeta.com\/nl\/wp-json\/wp\/v2\/posts\/3432","targetHints":{"allow":["GET"]}}],"collection":[{"href":"https:\/\/aljeta.com\/nl\/wp-json\/wp\/v2\/posts"}],"about":[{"href":"https:\/\/aljeta.com\/nl\/wp-json\/wp\/v2\/types\/post"}],"author":[{"embeddable":true,"href":"https:\/\/aljeta.com\/nl\/wp-json\/wp\/v2\/users\/2"}],"replies":[{"embeddable":true,"href":"https:\/\/aljeta.com\/nl\/wp-json\/wp\/v2\/comments?post=3432"}],"version-history":[{"count":11,"href":"https:\/\/aljeta.com\/nl\/wp-json\/wp\/v2\/posts\/3432\/revisions"}],"predecessor-version":[{"id":3452,"href":"https:\/\/aljeta.com\/nl\/wp-json\/wp\/v2\/posts\/3432\/revisions\/3452"}],"wp:featuredmedia":[{"embeddable":true,"href":"https:\/\/aljeta.com\/nl\/wp-json\/wp\/v2\/media\/3443"}],"wp:attachment":[{"href":"https:\/\/aljeta.com\/nl\/wp-json\/wp\/v2\/media?parent=3432"}],"wp:term":[{"taxonomy":"category","embeddable":true,"href":"https:\/\/aljeta.com\/nl\/wp-json\/wp\/v2\/categories?post=3432"},{"taxonomy":"post_tag","embeddable":true,"href":"https:\/\/aljeta.com\/nl\/wp-json\/wp\/v2\/tags?post=3432"}],"curies":[{"name":"wp","href":"https:\/\/api.w.org\/{rel}","templated":true}]}}