{"id":1355,"date":"2023-11-05T21:50:44","date_gmt":"2023-11-05T20:50:44","guid":{"rendered":"http:\/\/aljeta.com\/?p=1355"},"modified":"2024-02-29T22:30:05","modified_gmt":"2024-02-29T21:30:05","slug":"het-klimaat-van-albanie","status":"publish","type":"post","link":"https:\/\/aljeta.com\/nl\/het-klimaat-van-albanie\/","title":{"rendered":"Het klimaat van Albani\u00eb"},"content":{"rendered":"<div data-elementor-type=\"wp-post\" data-elementor-id=\"1355\" class=\"elementor elementor-1355\" data-elementor-post-type=\"post\">\n\t\t\t\t\t\t<section class=\"elementor-section elementor-top-section elementor-element elementor-element-f84e7ae elementor-section-boxed elementor-section-height-default elementor-section-height-default\" data-id=\"f84e7ae\" data-element_type=\"section\">\n\t\t\t\t\t\t<div class=\"elementor-container elementor-column-gap-default\">\n\t\t\t\t\t<div class=\"elementor-column elementor-col-100 elementor-top-column elementor-element elementor-element-738c593\" data-id=\"738c593\" data-element_type=\"column\">\n\t\t\t<div class=\"elementor-widget-wrap elementor-element-populated\">\n\t\t\t\t\t\t<div class=\"elementor-element elementor-element-df8b9ac elementor-widget elementor-widget-text-editor\" data-id=\"df8b9ac\" data-element_type=\"widget\" data-widget_type=\"text-editor.default\">\n\t\t\t\t<div class=\"elementor-widget-container\">\n\t\t\t\t\t\t\t\t\t<p style=\"font-weight: 400;\">Qua klimaat is Albani\u00eb misschien niet een land van uitersten, maar er bestaan wel degelijk lokale verschillen. De klimatologische omstandigheden van het land worden &#8216;gestuurd&#8217; door het landschap. Het zuidelijke en westelijke deel van Albani\u00eb hebben een typische Mediterraan klimaat, terwijl de noordelijke en oostelijke delen juist weer een typisch landklimaat hebben. Die verschillen zijn het gevolg van het bergachtige landschap.\u00a0<\/p>\t\t\t\t\t\t\t\t<\/div>\n\t\t\t\t<\/div>\n\t\t\t\t\t<\/div>\n\t\t<\/div>\n\t\t\t\t\t<\/div>\n\t\t<\/section>\n\t\t\t\t<section class=\"elementor-section elementor-top-section elementor-element elementor-element-0cf9c12 elementor-section-boxed elementor-section-height-default elementor-section-height-default\" data-id=\"0cf9c12\" data-element_type=\"section\">\n\t\t\t\t\t\t<div class=\"elementor-container elementor-column-gap-default\">\n\t\t\t\t\t<div class=\"elementor-column elementor-col-100 elementor-top-column elementor-element elementor-element-f5a1831\" data-id=\"f5a1831\" data-element_type=\"column\">\n\t\t\t<div class=\"elementor-widget-wrap elementor-element-populated\">\n\t\t\t\t\t\t<div class=\"elementor-element elementor-element-cf4dcc9 elementor-widget elementor-widget-image\" data-id=\"cf4dcc9\" data-element_type=\"widget\" data-widget_type=\"image.default\">\n\t\t\t\t<div class=\"elementor-widget-container\">\n\t\t\t\t\t\t\t\t\t\t\t\t\t\t\t<img fetchpriority=\"high\" decoding=\"async\" width=\"800\" height=\"571\" src=\"https:\/\/aljeta.com\/wp-content\/uploads\/2023\/11\/Het-Klimaat-Van-Albanie-1024x731.jpg\" class=\"attachment-large size-large wp-image-2248\" alt=\"Het Klimaat Van Albanie\" srcset=\"https:\/\/aljeta.com\/wp-content\/uploads\/2023\/11\/Het-Klimaat-Van-Albanie-1024x731.jpg 1024w, https:\/\/aljeta.com\/wp-content\/uploads\/2023\/11\/Het-Klimaat-Van-Albanie-300x214.jpg 300w, https:\/\/aljeta.com\/wp-content\/uploads\/2023\/11\/Het-Klimaat-Van-Albanie-768x548.jpg 768w, https:\/\/aljeta.com\/wp-content\/uploads\/2023\/11\/Het-Klimaat-Van-Albanie-1536x1097.jpg 1536w, https:\/\/aljeta.com\/wp-content\/uploads\/2023\/11\/Het-Klimaat-Van-Albanie-2048x1462.jpg 2048w, https:\/\/aljeta.com\/wp-content\/uploads\/2023\/11\/Het-Klimaat-Van-Albanie-18x12.jpg 18w, https:\/\/aljeta.com\/wp-content\/uploads\/2023\/11\/Het-Klimaat-Van-Albanie-1320x942.jpg 1320w, https:\/\/aljeta.com\/wp-content\/uploads\/2023\/11\/Het-Klimaat-Van-Albanie-600x428.jpg 600w\" sizes=\"(max-width: 800px) 100vw, 800px\" \/>\t\t\t\t\t\t\t\t\t\t\t\t\t\t\t<\/div>\n\t\t\t\t<\/div>\n\t\t\t\t\t<\/div>\n\t\t<\/div>\n\t\t\t\t\t<\/div>\n\t\t<\/section>\n\t\t\t\t<section class=\"elementor-section elementor-top-section elementor-element elementor-element-5e2945f elementor-section-boxed elementor-section-height-default elementor-section-height-default\" data-id=\"5e2945f\" data-element_type=\"section\">\n\t\t\t\t\t\t<div class=\"elementor-container elementor-column-gap-default\">\n\t\t\t\t\t<div class=\"elementor-column elementor-col-100 elementor-top-column elementor-element elementor-element-5a052ce\" data-id=\"5a052ce\" data-element_type=\"column\">\n\t\t\t<div class=\"elementor-widget-wrap elementor-element-populated\">\n\t\t\t\t\t\t<div class=\"elementor-element elementor-element-525e390 elementor-widget elementor-widget-text-editor\" data-id=\"525e390\" data-element_type=\"widget\" data-widget_type=\"text-editor.default\">\n\t\t\t\t<div class=\"elementor-widget-container\">\n\t\t\t\t\t\t\t\t\t<p style=\"font-weight: 400;\">Qua klimaat is Albani\u00eb misschien niet een land van uitersten, maar er bestaan wel degelijk lokale verschillen. De klimatologische omstandigheden van het land worden &#8216;gestuurd&#8217; door het landschap. Het zuidelijke en westelijke deel van Albani\u00eb hebben een typische Mediterraan klimaat, terwijl de noordelijke en oostelijke delen juist weer een typisch landklimaat hebben. Die verschillen zijn het gevolg van het bergachtige landschap.\u00a0<\/p><p style=\"font-weight: 400;\"><span style=\"font-weight: 400;\">Olijfbomen staan voornamelijk in die delen met het Mediterrane klimaat, al zul je enkele verdwaalde exemplaren ook wel elders in het land kunnen aantreffen. De aanplant volgt in de gebieden met het landklimaat vooral de valleien van de rivieren die in Albani\u00eb van oost naar west stromen. In die valleien kan de olijfboom tot op een hoogte van zo&#8217;n 600 meter levensvatbaar zijn en een jaarlijkse oogst van olijven opleveren. Daarboven wordt het ze te fris.\u00a0<\/span><\/p><p>Genetisch onderzoek aan Albanese olijven heeft aan het licht gebracht dat er 22 verschillende inheemse cultivars bestaan die strikt verdeeld zijn over zes regio&#8217;s: Berat, Elbasan, Kruja, Lezha, Tirana en Vlor\u00eb<span style=\"font-weight: 400;\">[1]<\/span><span style=\"font-weight: 400;\">.\u00a0<\/span><\/p><p>Al die cultivars hebben exotisch klinkende namen, namelijk Bo\u00e7, Fr\u00ebng, Kalinjot, Karre, Kushan, Kotruvs, Kok\u00ebrrmadh Berati, Mixan, Kok\u00ebrrmadh Elbasani, Micka, Krips, Managjel, Nisjot, Peperri, Ulli deti, Ulli i zi, Ulli bardh\u00eb Lezha, Sterbjak, Ulli i kuq, Bardhi Kruja, Bardhi Tirana (Bianco di Tirana) en Ulli i bardh\u00eb Berati. Alle andere benamingen, die je tegen kunt komen, zijn slechts locale variaties op die oervormen.\u00a0<\/p><p>Dat er zoveel inheemse cultivars in Albani\u00eb worden aangetroffen is een belangrijke aanwijzing dat olijven al millennia in het land worden aangeplant. Daarin verschilt Albani\u00eb in niets van alle andere landen rondom de Middellandse Zee. Het lange isolement van het land heeft echter voor de olijven juist voor een positief effect gezorgd. De locale varianten zijn nooit vervangen door cultivars die mogelijk meer opbrengst zouden kunnen opleveren of meer appeleren aan de &#8216;westerse smaak&#8217;.\u00a0<\/p><p>De smaak van de Albanese extra virgine olijfolie\u00a0<em>(vaj ulliri ekstra i virgjer)<\/em>\u00a0is daarom vermoedelijk het beste te vergelijken met die van de olijfolie in de Klassieke Oudheid: puur en krachtig.\u00a0<\/p><p><span style=\"font-weight: 400;\">Bestel je Albanese Aljeta extra virgine olijfolie\u00a0<a href=\"http:\/\/aljeta.com\/nl\/\">hier<\/a>.\u00a0<\/span><\/p>\t\t\t\t\t\t\t\t<\/div>\n\t\t\t\t<\/div>\n\t\t\t\t\t<\/div>\n\t\t<\/div>\n\t\t\t\t\t<\/div>\n\t\t<\/section>\n\t\t\t\t<section class=\"elementor-section elementor-top-section elementor-element elementor-element-b189990 elementor-section-boxed elementor-section-height-default elementor-section-height-default\" data-id=\"b189990\" data-element_type=\"section\">\n\t\t\t\t\t\t<div class=\"elementor-container elementor-column-gap-default\">\n\t\t\t\t\t<div class=\"elementor-column elementor-col-100 elementor-top-column elementor-element elementor-element-a38c517\" data-id=\"a38c517\" data-element_type=\"column\">\n\t\t\t<div class=\"elementor-widget-wrap elementor-element-populated\">\n\t\t\t\t\t\t<div class=\"elementor-element elementor-element-7c4d14e elementor-widget elementor-widget-text-editor\" data-id=\"7c4d14e\" data-element_type=\"widget\" data-widget_type=\"text-editor.default\">\n\t\t\t\t<div class=\"elementor-widget-container\">\n\t\t\t\t\t\t\t\t\t<p style=\"text-align: center;\"><span style=\"color: #0000ff;\">[1] Topi et al: Olive Oil Production in Albania, Chemical Characterization, and Authenticity <\/span><span style=\"color: #0000ff;\"><i>in<\/i><\/span><span style=\"color: #0000ff;\">\u00a0Olive Oil: New Perspective and Applications &#8211; 2022<\/span><\/p><p style=\"text-align: center;\"><span style=\"color: #0000ff;\"><strong><a style=\"color: #0000ff;\" href=\"https:\/\/aljeta.blogspot.com\" target=\"_blank\" rel=\"noopener\">www.aljeta.blogspots.com<\/a><\/strong><\/span><\/p>\t\t\t\t\t\t\t\t<\/div>\n\t\t\t\t<\/div>\n\t\t\t\t\t<\/div>\n\t\t<\/div>\n\t\t\t\t\t<\/div>\n\t\t<\/section>\n\t\t\t\t<\/div>","protected":false},"excerpt":{"rendered":"<p>Qua klimaat is Albani\u00eb misschien niet een land van uitersten, maar er bestaan wel degelijk lokale verschillen. De klimatologische omstandigheden van het land worden &#8216;gestuurd&#8217; door het landschap. Het zuidelijke en westelijke deel van Albani\u00eb hebben een typische Mediterraan klimaat, terwijl de noordelijke en oostelijke delen juist weer een typisch landklimaat hebben. Die verschillen zijn [&hellip;]<\/p>","protected":false},"author":2,"featured_media":2248,"comment_status":"open","ping_status":"open","sticky":false,"template":"","format":"standard","meta":{"_jetpack_memberships_contains_paid_content":false,"footnotes":""},"categories":[78],"tags":[],"class_list":["post-1355","post","type-post","status-publish","format-standard","has-post-thumbnail","hentry","category-aljeta-blogs"],"jetpack_featured_media_url":"https:\/\/aljeta.com\/wp-content\/uploads\/2023\/11\/Het-Klimaat-Van-Albanie.jpg","jetpack_sharing_enabled":true,"_links":{"self":[{"href":"https:\/\/aljeta.com\/nl\/wp-json\/wp\/v2\/posts\/1355","targetHints":{"allow":["GET"]}}],"collection":[{"href":"https:\/\/aljeta.com\/nl\/wp-json\/wp\/v2\/posts"}],"about":[{"href":"https:\/\/aljeta.com\/nl\/wp-json\/wp\/v2\/types\/post"}],"author":[{"embeddable":true,"href":"https:\/\/aljeta.com\/nl\/wp-json\/wp\/v2\/users\/2"}],"replies":[{"embeddable":true,"href":"https:\/\/aljeta.com\/nl\/wp-json\/wp\/v2\/comments?post=1355"}],"version-history":[{"count":12,"href":"https:\/\/aljeta.com\/nl\/wp-json\/wp\/v2\/posts\/1355\/revisions"}],"predecessor-version":[{"id":2251,"href":"https:\/\/aljeta.com\/nl\/wp-json\/wp\/v2\/posts\/1355\/revisions\/2251"}],"wp:featuredmedia":[{"embeddable":true,"href":"https:\/\/aljeta.com\/nl\/wp-json\/wp\/v2\/media\/2248"}],"wp:attachment":[{"href":"https:\/\/aljeta.com\/nl\/wp-json\/wp\/v2\/media?parent=1355"}],"wp:term":[{"taxonomy":"category","embeddable":true,"href":"https:\/\/aljeta.com\/nl\/wp-json\/wp\/v2\/categories?post=1355"},{"taxonomy":"post_tag","embeddable":true,"href":"https:\/\/aljeta.com\/nl\/wp-json\/wp\/v2\/tags?post=1355"}],"curies":[{"name":"wp","href":"https:\/\/api.w.org\/{rel}","templated":true}]}}